{"id":74259,"date":"2025-11-29T10:37:34","date_gmt":"2025-11-29T09:37:34","guid":{"rendered":"https:\/\/humanismus.de\/news\/2025\/11\/humanist-association-of-germany-federal-association-constituted-as-a-corporation-under-public-law-koerperschaft-des-oeffentlichen-rechts\/"},"modified":"2025-12-09T13:27:52","modified_gmt":"2025-12-09T12:27:52","slug":"founding-meeting-corporation-under-public-law","status":"publish","type":"post","link":"https:\/\/humanismus.de\/en\/news\/2025\/11\/founding-meeting-corporation-under-public-law\/","title":{"rendered":"Humanist Association of Germany \u2013 Federal Association constituted as a corporation under public law (K\u00f6rperschaft des \u00f6ffentlichen Rechts)"},"content":{"rendered":"\n<p>Berlin, November 29, 2025. With its founding meeting, the Humanist Association of Germany \u2013 Federal Association takes the first step toward establishing a nationwide corporation under public law (K\u00f6rperschaft des \u00f6ffentlichen Rechts). The delegates of the state associations of Baden-W\u00fcrttemberg, Hessen, Berlin-Brandenburg, Niedersachsen, and Nordrhein-Westfalen, which are already recognized as corporation under public law, adopted a new constitution and elected the legal entities of the corporation.   <\/p>\n\n<p>The newly elected federal executive committee consists of Katrin Raczynski (spokesperson), Thomas Fehse, Andr\u00e9e Gerland, Christiane Herrmann, and Christian L\u00fchrs. All board members are already active in the Humanist Association of Germany \u2013 Federal Association e.V. and stand for continuity, reliability, and a clear humanist stance. With its status as a corporation under public law, the Humanist Association of Germany will in future have greater freedom to shape its work and institutional security for its work in the areas of humanist education, life coaching, and ethical counseling.   <\/p>\n\n<p>Board member Christian L\u00fchrs emphasizes, &#8220;Through the formation of the federal corporation under public law, we demonstrate that humanist beliefs and dedication deserve representation in Germany, just like other religious and ideological groups. We are taking responsibility for building a community based on reason, solidarity, and individual freedom. Humanism needs a strong, democratic voice.&#8221; <\/p>\n\n<p>The next steps are the recognition process and submitting the necessary documents to the Berlin Senate. Once recognized, the new federal corporation under public law will accept members of the federal association without corporate rights as its own members. This will further strengthen nationwide cohesion.   <\/p>\n","protected":false},"excerpt":{"rendered":"<p>On Saturday, November 29, 2025, the Humanist Association of Germany \u2013 Federal Association successfully concluded its constituent founding meeting to establish a corporation under public law (K\u00f6rperschaft des \u00f6ffentlichen Rechts).<\/p>\n","protected":false},"author":19,"featured_media":74249,"comment_status":"closed","ping_status":"closed","sticky":false,"template":"","format":"standard","meta":{"_acf_changed":false,"site-sidebar-layout":"default","site-content-layout":"","ast-site-content-layout":"default","site-content-style":"default","site-sidebar-style":"default","ast-global-header-display":"","ast-banner-title-visibility":"","ast-main-header-display":"","ast-hfb-above-header-display":"","ast-hfb-below-header-display":"","ast-hfb-mobile-header-display":"","site-post-title":"","ast-breadcrumbs-content":"","ast-featured-img":"","footer-sml-layout":"","ast-disable-related-posts":"","theme-transparent-header-meta":"","adv-header-id-meta":"","stick-header-meta":"","header-above-stick-meta":"","header-main-stick-meta":"","header-below-stick-meta":"","astra-migrate-meta-layouts":"set","ast-page-background-enabled":"default","ast-page-background-meta":{"desktop":{"background-color":"","background-image":"","background-repeat":"repeat","background-position":"center center","background-size":"auto","background-attachment":"scroll","background-type":"","background-media":"","overlay-type":"","overlay-color":"","overlay-opacity":"","overlay-gradient":""},"tablet":{"background-color":"","background-image":"","background-repeat":"repeat","background-position":"center center","background-size":"auto","background-attachment":"scroll","background-type":"","background-media":"","overlay-type":"","overlay-color":"","overlay-opacity":"","overlay-gradient":""},"mobile":{"background-color":"","background-image":"","background-repeat":"repeat","background-position":"center center","background-size":"auto","background-attachment":"scroll","background-type":"","background-media":"","overlay-type":"","overlay-color":"","overlay-opacity":"","overlay-gradient":""}},"ast-content-background-meta":{"desktop":{"background-color":"var(--ast-global-color-5)","background-image":"","background-repeat":"repeat","background-position":"center center","background-size":"auto","background-attachment":"scroll","background-type":"","background-media":"","overlay-type":"","overlay-color":"","overlay-opacity":"","overlay-gradient":""},"tablet":{"background-color":"var(--ast-global-color-5)","background-image":"","background-repeat":"repeat","background-position":"center center","background-size":"auto","background-attachment":"scroll","background-type":"","background-media":"","overlay-type":"","overlay-color":"","overlay-opacity":"","overlay-gradient":""},"mobile":{"background-color":"var(--ast-global-color-5)","background-image":"","background-repeat":"repeat","background-position":"center center","background-size":"auto","background-attachment":"scroll","background-type":"","background-media":"","overlay-type":"","overlay-color":"","overlay-opacity":"","overlay-gradient":""}},"footnotes":""},"categories":[93],"tags":[],"class_list":["post-74259","post","type-post","status-publish","format-standard","has-post-thumbnail","hentry","category-news"],"acf":[],"_links":{"self":[{"href":"https:\/\/humanismus.de\/en\/wp-json\/wp\/v2\/posts\/74259","targetHints":{"allow":["GET"]}}],"collection":[{"href":"https:\/\/humanismus.de\/en\/wp-json\/wp\/v2\/posts"}],"about":[{"href":"https:\/\/humanismus.de\/en\/wp-json\/wp\/v2\/types\/post"}],"author":[{"embeddable":true,"href":"https:\/\/humanismus.de\/en\/wp-json\/wp\/v2\/users\/19"}],"replies":[{"embeddable":true,"href":"https:\/\/humanismus.de\/en\/wp-json\/wp\/v2\/comments?post=74259"}],"version-history":[{"count":2,"href":"https:\/\/humanismus.de\/en\/wp-json\/wp\/v2\/posts\/74259\/revisions"}],"predecessor-version":[{"id":74262,"href":"https:\/\/humanismus.de\/en\/wp-json\/wp\/v2\/posts\/74259\/revisions\/74262"}],"wp:featuredmedia":[{"embeddable":true,"href":"https:\/\/humanismus.de\/en\/wp-json\/wp\/v2\/media\/74249"}],"wp:attachment":[{"href":"https:\/\/humanismus.de\/en\/wp-json\/wp\/v2\/media?parent=74259"}],"wp:term":[{"taxonomy":"category","embeddable":true,"href":"https:\/\/humanismus.de\/en\/wp-json\/wp\/v2\/categories?post=74259"},{"taxonomy":"post_tag","embeddable":true,"href":"https:\/\/humanismus.de\/en\/wp-json\/wp\/v2\/tags?post=74259"}],"curies":[{"name":"wp","href":"https:\/\/api.w.org\/{rel}","templated":true}]}}